{"id":3694,"date":"2026-04-28T23:58:30","date_gmt":"2026-04-28T23:58:30","guid":{"rendered":"http:\/\/bbncnews.online\/?p=3694"},"modified":"2026-04-28T23:58:30","modified_gmt":"2026-04-28T23:58:30","slug":"heartbreaking-father-charged-with-killing-4-month-old-baby-mother-dies-by-suicide-the-following-day","status":"publish","type":"post","link":"http:\/\/bbncnews.online\/?p=3694","title":{"rendered":"Heartbreaking: Father Charged with Killing 4-Month-Old Baby; Mother Dies by Suicide the Following Day."},"content":{"rendered":"<p><strong>Heartbreaking: Father Charged with Killing 4-Month-Old Baby; Mother Dies by Suicide the Following Day\u00a0<\/strong><\/p>\n<p><a href=\"http:\/\/bbncnews.online\/?attachment_id=3696\" rel=\"attachment wp-att-3696\"><img loading=\"lazy\" decoding=\"async\" src=\"data:image\/gif;base64,R0lGODlhAQABAIAAAAAAAP\/\/\/ywAAAAAAQABAAACAUwAOw==\" fifu-lazy=\"1\" fifu-data-sizes=\"auto\" fifu-data-srcset=\"https:\/\/i2.wp.com\/bbncnews.online\/wp-content\/uploads\/2026\/04\/685101144_122127917835086470_7965336458030574146_n.jpg?ssl=1&w=75&resize=75&ssl=1 75w, https:\/\/i2.wp.com\/bbncnews.online\/wp-content\/uploads\/2026\/04\/685101144_122127917835086470_7965336458030574146_n.jpg?ssl=1&w=100&resize=100&ssl=1 100w, https:\/\/i2.wp.com\/bbncnews.online\/wp-content\/uploads\/2026\/04\/685101144_122127917835086470_7965336458030574146_n.jpg?ssl=1&w=150&resize=150&ssl=1 150w, https:\/\/i2.wp.com\/bbncnews.online\/wp-content\/uploads\/2026\/04\/685101144_122127917835086470_7965336458030574146_n.jpg?ssl=1&w=240&resize=240&ssl=1 240w, https:\/\/i2.wp.com\/bbncnews.online\/wp-content\/uploads\/2026\/04\/685101144_122127917835086470_7965336458030574146_n.jpg?ssl=1&w=320&resize=320&ssl=1 320w, https:\/\/i2.wp.com\/bbncnews.online\/wp-content\/uploads\/2026\/04\/685101144_122127917835086470_7965336458030574146_n.jpg?ssl=1&w=500&resize=500&ssl=1 500w, https:\/\/i2.wp.com\/bbncnews.online\/wp-content\/uploads\/2026\/04\/685101144_122127917835086470_7965336458030574146_n.jpg?ssl=1&w=640&resize=640&ssl=1 640w, https:\/\/i2.wp.com\/bbncnews.online\/wp-content\/uploads\/2026\/04\/685101144_122127917835086470_7965336458030574146_n.jpg?ssl=1&w=800&resize=800&ssl=1 800w, https:\/\/i2.wp.com\/bbncnews.online\/wp-content\/uploads\/2026\/04\/685101144_122127917835086470_7965336458030574146_n.jpg?ssl=1&w=1024&resize=1024&ssl=1 1024w, https:\/\/i2.wp.com\/bbncnews.online\/wp-content\/uploads\/2026\/04\/685101144_122127917835086470_7965336458030574146_n.jpg?ssl=1&w=1280&resize=1280&ssl=1 1280w, https:\/\/i2.wp.com\/bbncnews.online\/wp-content\/uploads\/2026\/04\/685101144_122127917835086470_7965336458030574146_n.jpg?ssl=1&w=1600&resize=1600&ssl=1 1600w\" class=\"alignnone size-full wp-image-3696\" fifu-data-src=\"https:\/\/i2.wp.com\/bbncnews.online\/wp-content\/uploads\/2026\/04\/685101144_122127917835086470_7965336458030574146_n.jpg?ssl=1\" alt=\"\" width=\"512\" height=\"640\" \/><\/a><\/p>\n<p>In a deeply tragic and incomprehensible turn of events, a 4-month-old baby girl in Huntsville, Alabama, was killed, and less than 24 hours later, her mother took her own life, leaving a family shattered by grief and loss.<\/p>\n<p><img loading=\"lazy\" decoding=\"async\" src=\"data:image\/gif;base64,R0lGODlhAQABAIAAAAAAAP\/\/\/ywAAAAAAQABAAACAUwAOw==\" fifu-lazy=\"1\" fifu-data-sizes=\"auto\" fifu-data-srcset=\"https:\/\/i1.wp.com\/blog.igallery.blog\/assets\/10a9e86f8162d9a51ea1a88a46ba4820\/2026\/0428\/310aef66-f593-437c-9d44-cb26dfcb48f3-image.webp?ssl=1&w=75&resize=75&ssl=1 75w, https:\/\/i1.wp.com\/blog.igallery.blog\/assets\/10a9e86f8162d9a51ea1a88a46ba4820\/2026\/0428\/310aef66-f593-437c-9d44-cb26dfcb48f3-image.webp?ssl=1&w=100&resize=100&ssl=1 100w, https:\/\/i1.wp.com\/blog.igallery.blog\/assets\/10a9e86f8162d9a51ea1a88a46ba4820\/2026\/0428\/310aef66-f593-437c-9d44-cb26dfcb48f3-image.webp?ssl=1&w=150&resize=150&ssl=1 150w, https:\/\/i1.wp.com\/blog.igallery.blog\/assets\/10a9e86f8162d9a51ea1a88a46ba4820\/2026\/0428\/310aef66-f593-437c-9d44-cb26dfcb48f3-image.webp?ssl=1&w=240&resize=240&ssl=1 240w, https:\/\/i1.wp.com\/blog.igallery.blog\/assets\/10a9e86f8162d9a51ea1a88a46ba4820\/2026\/0428\/310aef66-f593-437c-9d44-cb26dfcb48f3-image.webp?ssl=1&w=320&resize=320&ssl=1 320w, https:\/\/i1.wp.com\/blog.igallery.blog\/assets\/10a9e86f8162d9a51ea1a88a46ba4820\/2026\/0428\/310aef66-f593-437c-9d44-cb26dfcb48f3-image.webp?ssl=1&w=500&resize=500&ssl=1 500w, https:\/\/i1.wp.com\/blog.igallery.blog\/assets\/10a9e86f8162d9a51ea1a88a46ba4820\/2026\/0428\/310aef66-f593-437c-9d44-cb26dfcb48f3-image.webp?ssl=1&w=640&resize=640&ssl=1 640w, https:\/\/i1.wp.com\/blog.igallery.blog\/assets\/10a9e86f8162d9a51ea1a88a46ba4820\/2026\/0428\/310aef66-f593-437c-9d44-cb26dfcb48f3-image.webp?ssl=1&w=800&resize=800&ssl=1 800w, https:\/\/i1.wp.com\/blog.igallery.blog\/assets\/10a9e86f8162d9a51ea1a88a46ba4820\/2026\/0428\/310aef66-f593-437c-9d44-cb26dfcb48f3-image.webp?ssl=1&w=1024&resize=1024&ssl=1 1024w, https:\/\/i1.wp.com\/blog.igallery.blog\/assets\/10a9e86f8162d9a51ea1a88a46ba4820\/2026\/0428\/310aef66-f593-437c-9d44-cb26dfcb48f3-image.webp?ssl=1&w=1280&resize=1280&ssl=1 1280w, https:\/\/i1.wp.com\/blog.igallery.blog\/assets\/10a9e86f8162d9a51ea1a88a46ba4820\/2026\/0428\/310aef66-f593-437c-9d44-cb26dfcb48f3-image.webp?ssl=1&w=1600&resize=1600&ssl=1 1600w\" class=\"lazy-img\" fifu-data-src=\"https:\/\/i1.wp.com\/blog.igallery.blog\/assets\/10a9e86f8162d9a51ea1a88a46ba4820\/2026\/0428\/310aef66-f593-437c-9d44-cb26dfcb48f3-image.webp?ssl=1\" alt=\"\" width=\"360\" height=\"240\" \/><\/p>\n<p>On April 22, 2026, at around 1:00 p.m., Huntsville police responded to a call about an infant who wasn\u2019t breathing on Memorial Parkway. When officers arrived, they found the baby unresponsive, and despite immediate attempts to save her, the infant was pronounced dead after being rushed to the hospital.<\/p>\n<p>Authorities identified the baby\u2019s father, 34-year-old Mickele Kaipolai Ah-Nee, as the person responsible for her death. The investigation revealed that the child suffered traumatic internal injuries, leading to the official cause of death being ruled as foul play.<\/p>\n<p><img loading=\"lazy\" decoding=\"async\" src=\"data:image\/gif;base64,R0lGODlhAQABAIAAAAAAAP\/\/\/ywAAAAAAQABAAACAUwAOw==\" fifu-lazy=\"1\" fifu-data-sizes=\"auto\" fifu-data-srcset=\"https:\/\/i1.wp.com\/blog.igallery.blog\/assets\/10a9e86f8162d9a51ea1a88a46ba4820\/2026\/0428\/b4ed861c-6202-425b-89ba-5f3f6e6ff61e-image.webp?ssl=1&w=75&resize=75&ssl=1 75w, https:\/\/i1.wp.com\/blog.igallery.blog\/assets\/10a9e86f8162d9a51ea1a88a46ba4820\/2026\/0428\/b4ed861c-6202-425b-89ba-5f3f6e6ff61e-image.webp?ssl=1&w=100&resize=100&ssl=1 100w, https:\/\/i1.wp.com\/blog.igallery.blog\/assets\/10a9e86f8162d9a51ea1a88a46ba4820\/2026\/0428\/b4ed861c-6202-425b-89ba-5f3f6e6ff61e-image.webp?ssl=1&w=150&resize=150&ssl=1 150w, https:\/\/i1.wp.com\/blog.igallery.blog\/assets\/10a9e86f8162d9a51ea1a88a46ba4820\/2026\/0428\/b4ed861c-6202-425b-89ba-5f3f6e6ff61e-image.webp?ssl=1&w=240&resize=240&ssl=1 240w, https:\/\/i1.wp.com\/blog.igallery.blog\/assets\/10a9e86f8162d9a51ea1a88a46ba4820\/2026\/0428\/b4ed861c-6202-425b-89ba-5f3f6e6ff61e-image.webp?ssl=1&w=320&resize=320&ssl=1 320w, https:\/\/i1.wp.com\/blog.igallery.blog\/assets\/10a9e86f8162d9a51ea1a88a46ba4820\/2026\/0428\/b4ed861c-6202-425b-89ba-5f3f6e6ff61e-image.webp?ssl=1&w=500&resize=500&ssl=1 500w, https:\/\/i1.wp.com\/blog.igallery.blog\/assets\/10a9e86f8162d9a51ea1a88a46ba4820\/2026\/0428\/b4ed861c-6202-425b-89ba-5f3f6e6ff61e-image.webp?ssl=1&w=640&resize=640&ssl=1 640w, https:\/\/i1.wp.com\/blog.igallery.blog\/assets\/10a9e86f8162d9a51ea1a88a46ba4820\/2026\/0428\/b4ed861c-6202-425b-89ba-5f3f6e6ff61e-image.webp?ssl=1&w=800&resize=800&ssl=1 800w, https:\/\/i1.wp.com\/blog.igallery.blog\/assets\/10a9e86f8162d9a51ea1a88a46ba4820\/2026\/0428\/b4ed861c-6202-425b-89ba-5f3f6e6ff61e-image.webp?ssl=1&w=1024&resize=1024&ssl=1 1024w, https:\/\/i1.wp.com\/blog.igallery.blog\/assets\/10a9e86f8162d9a51ea1a88a46ba4820\/2026\/0428\/b4ed861c-6202-425b-89ba-5f3f6e6ff61e-image.webp?ssl=1&w=1280&resize=1280&ssl=1 1280w, https:\/\/i1.wp.com\/blog.igallery.blog\/assets\/10a9e86f8162d9a51ea1a88a46ba4820\/2026\/0428\/b4ed861c-6202-425b-89ba-5f3f6e6ff61e-image.webp?ssl=1&w=1600&resize=1600&ssl=1 1600w\" class=\"lazy-img\" fifu-data-src=\"https:\/\/i1.wp.com\/blog.igallery.blog\/assets\/10a9e86f8162d9a51ea1a88a46ba4820\/2026\/0428\/b4ed861c-6202-425b-89ba-5f3f6e6ff61e-image.webp?ssl=1\" alt=\"\" width=\"360\" height=\"240\" \/><\/p>\n<p>In the aftermath of the baby\u2019s tragic death, the case was turned over to the Major Crimes Unit, and after further investigation, Mickele Ah-Nee was arrested and charged with homicide in connection to his child\u2019s death.<\/p>\n<p><img loading=\"lazy\" decoding=\"async\" class=\"lazy-img\" src=\"https:\/\/scontent.fdad1-4.fna.fbcdn.net\/v\/t39.30808-6\/683546890_887138527677204_2595893657833854085_n.jpg?_nc_cat=103&amp;ccb=1-7&amp;_nc_sid=7b2446&amp;_nc_eui2=AeHSninCA39KNI2hA45fiBgrgxNMIi2sz--DE0wiLazP71fLaLOfmI3HZdWyG5xw8vZJoZ37yWO7uQxbfZqKnDPQ&amp;_nc_ohc=g4EQW8t658QQ7kNvwE9h930&amp;_nc_oc=Adq0kKRrmyRHADfg3hW3tGG9esHuEVmuXlxWsU4DPnMoErAfY2EIPam2_Sxpyr974nc&amp;_nc_zt=23&amp;_nc_ht=scontent.fdad1-4.fna&amp;_nc_gid=L0Zya4NcW_M_8qTQ2wjyAQ&amp;_nc_ss=7b2a8&amp;oh=00_Af3ADYG00pDGKSR-ZLyLgIAvJ4TeTl0vRWnNZ5HTuZXlEQ&amp;oe=69F623B9\" alt=\"C\u00f3 th\u1ec3 l\u00e0 h\u00ecnh \u1ea3nh v\u1ec1 m\u1ed9t ho\u1eb7c nhi\u1ec1u ng\u01b0\u1eddi, t\u00f3c v\u00e0ng, r\u00e2u, m\u1ecdi ng\u01b0\u1eddi \u0111ang c\u01b0\u1eddi, \u00f4 t\u00f4 v\u00e0 \u0111\u01b0\u1eddng\" width=\"360\" height=\"240\" \/><\/p>\n<p>Tragically, the heartache did not end there. The following morning, the baby\u2019s mother, Molly McKelvey, overwhelmed with grief and despair, took her own life. The family is now left to process the unimaginable loss of both the infant and the mother, with two young boys left without their mother and sister.<\/p>\n<p>Family members described the infant as \u201cthe happiest little baby,\u201d a description that makes the loss even more painful. Now, the two young boys are left to grow up without their mother and their sister, facing an uncertain future filled with sorrow and emotional scars.<\/p>\n<p>The case has drawn widespread attention, not only because of the heinous act that led to the baby\u2019s death but also because of the tragic chain of events that followed, leaving a family utterly destroyed by violence, grief, and despair.<\/p>\n<p><img loading=\"lazy\" decoding=\"async\" class=\"lazy-img\" src=\"https:\/\/scontent.fdad2-1.fna.fbcdn.net\/v\/t39.30808-6\/678265560_122128294245009432_5567406544433734708_n.jpg?stp=cp6_dst-jpg_tt6&amp;_nc_cat=101&amp;ccb=1-7&amp;_nc_sid=7b2446&amp;_nc_eui2=AeF-3-QWg9Z5NgoyjswAecnb8AOZ7irZrGHwA5nuKtmsYSnfQYdcwJF7Fb0Ivdn_TONoJhAXpa_kcbiWKz_Tmvsb&amp;_nc_ohc=8n7mqNXuTxoQ7kNvwHKEvgY&amp;_nc_oc=AdqXK4HZJtgL2gpdYK3Kz5uOCcNN0FZfOx5AqwdRroa7kJC-DJiFElNvaCitJKgmovs&amp;_nc_zt=23&amp;_nc_ht=scontent.fdad2-1.fna&amp;_nc_gid=MVoPgKYjc3dr1YXOCW0Hvw&amp;_nc_ss=7b2a8&amp;oh=00_Af3xwH26JZY68iqLEWW_eeznvwv0nuOqlgEvc8KcZYarUQ&amp;oe=69F63994\" alt=\"C\u00f3 th\u1ec3 l\u00e0 h\u00ecnh \u1ea3nh v\u1ec1 em b\u00e9\" width=\"360\" height=\"240\" \/><\/p>\n<p>The loss of the mother and the baby has sent shockwaves through the community, and many are expressing their heartbreak and sympathy for the surviving children, who now face a life without their mother and sister, a life marked by profound loss.<\/p>\n<p>In a statement, the family expressed their deep pain and disbelief at the events that led to this tragic situation. \u201cSome pain doesn\u2019t just affect one person&#8230; it ripples through generations,\u201d a family member remarked, encapsulating the far-reaching impact of this tragedy.<\/p>\n<p><img loading=\"lazy\" decoding=\"async\" class=\"lazy-img\" src=\"https:\/\/scontent.fdad1-4.fna.fbcdn.net\/v\/t39.30808-6\/681057248_122156512808978326_9199039497076830769_n.jpg?stp=cp6_dst-jpg_tt6&amp;_nc_cat=100&amp;ccb=1-7&amp;_nc_sid=7b2446&amp;_nc_eui2=AeHzMzI1Yy45gc8VfGUvwNlqON06nmCvIVk43TqeYK8hWXh7iNjtw9YG5VOqJsF7ezOUgfsi3NN3lkXTOGHUJIjF&amp;_nc_ohc=7IcyLLznjH4Q7kNvwHM841_&amp;_nc_oc=Adqfo-vjlNt4Ys9Y3VjgMMXhPR93nE_mq_WMo9OlWSQ81GpLUR6RV_-OEBO29dsdabU&amp;_nc_zt=23&amp;_nc_ht=scontent.fdad1-4.fna&amp;_nc_gid=zpKRdUsif-gamFxRr-SoJg&amp;_nc_ss=7b2a8&amp;oh=00_Af0W9jDvGTAQnNjwKOya7OacNOAn0wwevza-1fkYdsz3hQ&amp;oe=69F60814\" alt=\"C\u00f3 th\u1ec3 l\u00e0 h\u00ecnh \u1ea3nh v\u1ec1 em b\u00e9 v\u00e0 c\u01b0\u1eddi\" width=\"360\" height=\"240\" \/><\/p>\n<p>As Mickele Ah-Nee faces legal proceedings for the death of his daughter, the community remains deeply shaken, and the focus has shifted to the emotional and psychological toll this event has had on the surviving family members, particularly the young boys who now must navigate life without their mother and sister.<\/p>\n<p>The case continues to unfold, with Mickele Ah-Nee set to appear in court on April 28, 2026. Investigators continue to seek clarity on the events leading up to the baby\u2019s death and the tragic circumstances surrounding Molly McKelvey\u2019s suicide.<\/p>\n<p><img loading=\"lazy\" decoding=\"async\" class=\"lazy-img\" src=\"https:\/\/scontent.fdad1-2.fna.fbcdn.net\/v\/t39.30808-6\/680283768_122156512982978326_2886134669241945773_n.jpg?stp=cp6_dst-jpg_tt6&amp;_nc_cat=106&amp;ccb=1-7&amp;_nc_sid=7b2446&amp;_nc_eui2=AeFtyDeeNxzKeUIOmlsTlE721zxvhhR3EKrXPG-GFHcQqlLHqcXiqSV1baKGdPv2Swk0P52XrY-TbR1E3Xa2_cmW&amp;_nc_ohc=X8pMVP_3QJ4Q7kNvwFLiA1P&amp;_nc_oc=AdpxLr6AErhv1FIHncFrQneV9pxZOPaIo7J2vizsHwOF4tQyc_vVtJ0ThY2aahZB0Dg&amp;_nc_zt=23&amp;_nc_ht=scontent.fdad1-2.fna&amp;_nc_gid=w20zOwhPfydVTrQklik2cQ&amp;_nc_ss=7b2a8&amp;oh=00_Af1rz885G9SPiiIAL3BPHFdUGBn3pZPNPW4arqoj8tCvcg&amp;oe=69F61EF2\" alt=\"C\u00f3 th\u1ec3 l\u00e0 h\u00ecnh \u1ea3nh v\u1ec1 m\u1ed9t ho\u1eb7c nhi\u1ec1u ng\u01b0\u1eddi, t\u00f3c v\u00e0ng v\u00e0 m\u1ecdi ng\u01b0\u1eddi \u0111ang c\u01b0\u1eddi\" width=\"360\" height=\"240\" \/><\/p>\n<p>The story has raised important questions about the devastating effects of domestic violence and the profound impact of such trauma on children and families. It serves as a painful reminder of the need for support systems to protect vulnerable individuals from harm and offer guidance during times of emotional crisis.<\/p>\n<p>As the community mourns, there is an urgent call for greater awareness and resources for those dealing with domestic violence and grief, as well as stronger efforts to ensure the safety and well-being of children in at-risk situations.<\/p>\n<p><img loading=\"lazy\" decoding=\"async\" class=\"lazy-img\" src=\"https:\/\/scontent.fdad2-1.fna.fbcdn.net\/v\/t39.30808-6\/680915112_887138494343874_5299860968121023395_n.jpg?_nc_cat=107&amp;ccb=1-7&amp;_nc_sid=7b2446&amp;_nc_eui2=AeEK4OpEUBCyQhUBIEgfQm0fwGNQcqBcjx7AY1ByoFyPHkdQIWSRNP6N_QFUtX7muVYSEjdxGWfTn7D2Sqqj0Pbi&amp;_nc_ohc=kG_OwPPhCjIQ7kNvwE7UWDc&amp;_nc_oc=Adr3ymprmhNGAmxoCGXI_hlzuCgVS13fpaRRhDUOdKHj_1AWeQx3OJpl27W7MHBbaD4&amp;_nc_zt=23&amp;_nc_ht=scontent.fdad2-1.fna&amp;_nc_gid=9wZhkX3CRGmgzvd23gEQOQ&amp;_nc_ss=7b2a8&amp;oh=00_Af00AcDaMoDlE5_OXXO5dGeX1bVdqjzM4twhQk9RY7v0iA&amp;oe=69F61705\" alt=\"C\u00f3 th\u1ec3 l\u00e0 h\u00ecnh \u1ea3nh v\u1ec1 em b\u00e9\" width=\"360\" height=\"240\" \/><\/p>\n<p>The memory of the 4-month-old baby and her mother will forever be remembered, and their tragic deaths serve as a reminder of the fragility of life and the deep emotional consequences that can result from unchecked domestic violence.<\/p>\n<p>A fundraiser has been established to help with funeral costs, and the community has rallied around the surviving family members to offer support as they face the unimaginable grief of losing both a child and a mother in such a short span of time.<\/p>\n<p>For now, the family continues to mourn, and the community stands in solidarity, hoping that justice will be served for the baby and her mother, and that those responsible for this heartbreak will be held accountable.<\/p>\n<p>The death of the 4-month-old baby and the suicide of her mother have left a void in the hearts of all who knew them, and their story will continue to inspire calls for action to end the cycle of domestic violence and protect children from harm.<\/p>\n<p><img loading=\"lazy\" decoding=\"async\" class=\"lazy-img\" src=\"https:\/\/scontent.fdad2-1.fna.fbcdn.net\/v\/t39.30808-6\/684186143_122156512862978326_8979532601050073056_n.jpg?stp=cp6_dst-jpg_tt6&amp;_nc_cat=101&amp;ccb=1-7&amp;_nc_sid=7b2446&amp;_nc_eui2=AeGLWrKOdQ8xZWimbuxEqEWrmRO3btgrCf6ZE7du2CsJ_ilbZF33y_z9aqxIyTsLNSx0J4aQStNBQeR0QNDO2dxG&amp;_nc_ohc=xs9vSFF1xfEQ7kNvwGTH2lr&amp;_nc_oc=Adr_Qp8doOCwuewEDrqqVv-YCbONtoz8ZKA10DSFodMZCakk2QNeRDEPCBanpwe63B4&amp;_nc_zt=23&amp;_nc_ht=scontent.fdad2-1.fna&amp;_nc_gid=57kSbvoJwXk-KUuUl2lH9A&amp;_nc_ss=7b2a8&amp;oh=00_Af09f2dUn-4eLgBUXssTCaEVM1PAl1Dbb9hQ4XH2n2QK8w&amp;oe=69F61481\" alt=\"C\u00f3 th\u1ec3 l\u00e0 h\u00ecnh \u1ea3nh v\u1ec1 em b\u00e9, c\u01b0\u1eddi v\u00e0 v\u0103n b\u1ea3n\" width=\"360\" height=\"240\" \/><\/p>\n<p>Authorities are urging anyone with information related to the case to come forward and contact the Huntsville Police Department. Your information could help bring justice for the victims and provide answers to the surviving family members struggling with their grief.<\/p>\n<p>&nbsp;<\/p>\n<p>&nbsp;<\/p>\n<p><img loading=\"lazy\" decoding=\"async\" class=\"lazy-img\" src=\"https:\/\/scontent.fdad1-3.fna.fbcdn.net\/v\/t39.30808-6\/680329711_122128294185009432_2431150090857107222_n.jpg?stp=cp6_dst-jpg_tt6&amp;_nc_cat=111&amp;ccb=1-7&amp;_nc_sid=7b2446&amp;_nc_eui2=AeF_4pMRqu7BWJgz88J7gNQkPjPF3TjNpuY-M8XdOM2m5njk2icdyTlkgWitNqwNguzDOla1AQTX1LJ_hOSiLiUC&amp;_nc_ohc=b5SG-KGfvaYQ7kNvwFGUELS&amp;_nc_oc=AdqysNH0XjkoTCvkdn1d4FBEGkgoggAV6h3TZ4fHDLul8I3B-sJxaDI7KGb7yZus_Hk&amp;_nc_zt=23&amp;_nc_ht=scontent.fdad1-3.fna&amp;_nc_gid=hU6U4zz59UA4toISnIAAVg&amp;_nc_ss=7b2a8&amp;oh=00_Af1w4dh7cZyMms0p0wlcaWrhL5t2WHC_FgX9Hww6qGUvJw&amp;oe=69F63219\" alt=\"C\u00f3 th\u1ec3 l\u00e0 h\u00ecnh \u1ea3nh v\u1ec1 em b\u00e9\" width=\"360\" height=\"240\" \/><\/p>\n<p>The legacy of the 4-month-old baby and her mother will live on in the memories of those who loved them, and their deaths will not be forgotten in the fight to end domestic violence and protect vulnerable individuals from harm.<\/p>\n","protected":false},"excerpt":{"rendered":"<p>Heartbreaking: Father Charged with Killing 4-Month-Old Baby; Mother Dies by Suicide the Following Day\u00a0 In a deeply tragic and incomprehensible turn of events, a 4-month-old baby girl in Huntsville, Alabama, &hellip; <\/p>\n","protected":false},"author":1,"featured_media":3697,"comment_status":"open","ping_status":"open","sticky":false,"template":"","format":"standard","meta":{"fifu_image_url":"http:\/\/bbncnews.online\/wp-content\/uploads\/2026\/04\/685101144_122127917835086470_7965336458030574146_n.jpg","fifu_image_alt":"","footnotes":""},"categories":[5],"tags":[],"class_list":["post-3694","post","type-post","status-publish","format-standard","has-post-thumbnail","hentry","category-news"],"yoast_head":"<!-- This site is optimized with the Yoast SEO plugin v27.4 - https:\/\/yoast.com\/product\/yoast-seo-wordpress\/ -->\n<title>Heartbreaking: Father Charged with Killing 4-Month-Old Baby; Mother Dies by Suicide the Following Day. - My News Notice<\/title>\n<meta name=\"robots\" content=\"index, follow, max-snippet:-1, max-image-preview:large, max-video-preview:-1\" \/>\n<link rel=\"canonical\" href=\"http:\/\/bbncnews.online\/?p=3694\" \/>\n<meta property=\"og:locale\" content=\"en_US\" \/>\n<meta property=\"og:type\" content=\"article\" \/>\n<meta property=\"og:title\" content=\"Heartbreaking: Father Charged with Killing 4-Month-Old Baby; Mother Dies by Suicide the Following Day. - My News Notice\" \/>\n<meta property=\"og:description\" content=\"Heartbreaking: Father Charged with Killing 4-Month-Old Baby; Mother Dies by Suicide the Following Day\u00a0 In a deeply tragic and incomprehensible turn of events, a 4-month-old baby girl in Huntsville, Alabama, &hellip;\" \/>\n<meta property=\"og:url\" content=\"http:\/\/bbncnews.online\/?p=3694\" \/>\n<meta property=\"og:site_name\" content=\"My News Notice\" \/>\n<meta property=\"article:published_time\" content=\"2026-04-28T23:58:30+00:00\" \/>\n<meta property=\"og:image\" content=\"http:\/\/bbncnews.online\/wp-content\/uploads\/2026\/04\/685101144_122127917835086470_7965336458030574146_n.jpg\" \/><meta property=\"og:image\" content=\"http:\/\/bbncnews.online\/wp-content\/uploads\/2026\/04\/685101144_122127917835086470_7965336458030574146_n.jpg\" \/>\n\t<meta property=\"og:image:width\" content=\"1024\" \/>\n\t<meta property=\"og:image:height\" content=\"1024\" \/>\n\t<meta property=\"og:image:type\" content=\"image\/jpeg\" \/>\n<meta name=\"author\" content=\"Admin\" \/>\n<meta name=\"twitter:card\" content=\"summary_large_image\" \/>\n<meta name=\"twitter:image\" content=\"http:\/\/bbncnews.online\/wp-content\/uploads\/2026\/04\/685101144_122127917835086470_7965336458030574146_n.jpg\" \/>\n<meta name=\"twitter:label1\" content=\"Written by\" \/>\n\t<meta name=\"twitter:data1\" content=\"Admin\" \/>\n\t<meta name=\"twitter:label2\" content=\"Est. reading time\" \/>\n\t<meta name=\"twitter:data2\" content=\"6 minutes\" \/>\n<script type=\"application\/ld+json\" class=\"yoast-schema-graph\">{\"@context\":\"https:\\\/\\\/schema.org\",\"@graph\":[{\"@type\":\"Article\",\"@id\":\"http:\\\/\\\/bbncnews.online\\\/?p=3694#article\",\"isPartOf\":{\"@id\":\"http:\\\/\\\/bbncnews.online\\\/?p=3694\"},\"author\":{\"name\":\"Admin\",\"@id\":\"http:\\\/\\\/bbncnews.online\\\/#\\\/schema\\\/person\\\/cb934ff639b0b38d9bd54c86b526cadf\"},\"headline\":\"Heartbreaking: Father Charged with Killing 4-Month-Old Baby; Mother Dies by Suicide the Following Day.\",\"datePublished\":\"2026-04-28T23:58:30+00:00\",\"mainEntityOfPage\":{\"@id\":\"http:\\\/\\\/bbncnews.online\\\/?p=3694\"},\"wordCount\":837,\"commentCount\":0,\"image\":{\"@id\":\"http:\\\/\\\/bbncnews.online\\\/?p=3694#primaryimage\"},\"thumbnailUrl\":\"https:\\\/\\\/i2.wp.com\\\/bbncnews.online\\\/wp-content\\\/uploads\\\/2026\\\/04\\\/685101144_122127917835086470_7965336458030574146_n.jpg?ssl=1\",\"articleSection\":[\"News\"],\"inLanguage\":\"en-US\",\"potentialAction\":[{\"@type\":\"CommentAction\",\"name\":\"Comment\",\"target\":[\"http:\\\/\\\/bbncnews.online\\\/?p=3694#respond\"]}]},{\"@type\":\"WebPage\",\"@id\":\"http:\\\/\\\/bbncnews.online\\\/?p=3694\",\"url\":\"http:\\\/\\\/bbncnews.online\\\/?p=3694\",\"name\":\"Heartbreaking: Father Charged with Killing 4-Month-Old Baby; Mother Dies by Suicide the Following Day. - My News Notice\",\"isPartOf\":{\"@id\":\"http:\\\/\\\/bbncnews.online\\\/#website\"},\"primaryImageOfPage\":{\"@id\":\"http:\\\/\\\/bbncnews.online\\\/?p=3694#primaryimage\"},\"image\":{\"@id\":\"http:\\\/\\\/bbncnews.online\\\/?p=3694#primaryimage\"},\"thumbnailUrl\":\"https:\\\/\\\/i2.wp.com\\\/bbncnews.online\\\/wp-content\\\/uploads\\\/2026\\\/04\\\/685101144_122127917835086470_7965336458030574146_n.jpg?ssl=1\",\"datePublished\":\"2026-04-28T23:58:30+00:00\",\"author\":{\"@id\":\"http:\\\/\\\/bbncnews.online\\\/#\\\/schema\\\/person\\\/cb934ff639b0b38d9bd54c86b526cadf\"},\"breadcrumb\":{\"@id\":\"http:\\\/\\\/bbncnews.online\\\/?p=3694#breadcrumb\"},\"inLanguage\":\"en-US\",\"potentialAction\":[{\"@type\":\"ReadAction\",\"target\":[\"http:\\\/\\\/bbncnews.online\\\/?p=3694\"]}]},{\"@type\":\"ImageObject\",\"inLanguage\":\"en-US\",\"@id\":\"http:\\\/\\\/bbncnews.online\\\/?p=3694#primaryimage\",\"url\":\"https:\\\/\\\/i2.wp.com\\\/bbncnews.online\\\/wp-content\\\/uploads\\\/2026\\\/04\\\/685101144_122127917835086470_7965336458030574146_n.jpg?ssl=1\",\"contentUrl\":\"https:\\\/\\\/i2.wp.com\\\/bbncnews.online\\\/wp-content\\\/uploads\\\/2026\\\/04\\\/685101144_122127917835086470_7965336458030574146_n.jpg?ssl=1\"},{\"@type\":\"BreadcrumbList\",\"@id\":\"http:\\\/\\\/bbncnews.online\\\/?p=3694#breadcrumb\",\"itemListElement\":[{\"@type\":\"ListItem\",\"position\":1,\"name\":\"Home\",\"item\":\"http:\\\/\\\/bbncnews.online\\\/\"},{\"@type\":\"ListItem\",\"position\":2,\"name\":\"Heartbreaking: Father Charged with Killing 4-Month-Old Baby; Mother Dies by Suicide the Following Day.\"}]},{\"@type\":\"WebSite\",\"@id\":\"http:\\\/\\\/bbncnews.online\\\/#website\",\"url\":\"http:\\\/\\\/bbncnews.online\\\/\",\"name\":\"My News Notice\",\"description\":\"\",\"potentialAction\":[{\"@type\":\"SearchAction\",\"target\":{\"@type\":\"EntryPoint\",\"urlTemplate\":\"http:\\\/\\\/bbncnews.online\\\/?s={search_term_string}\"},\"query-input\":{\"@type\":\"PropertyValueSpecification\",\"valueRequired\":true,\"valueName\":\"search_term_string\"}}],\"inLanguage\":\"en-US\"},{\"@type\":\"Person\",\"@id\":\"http:\\\/\\\/bbncnews.online\\\/#\\\/schema\\\/person\\\/cb934ff639b0b38d9bd54c86b526cadf\",\"name\":\"Admin\",\"image\":{\"@type\":\"ImageObject\",\"inLanguage\":\"en-US\",\"@id\":\"https:\\\/\\\/secure.gravatar.com\\\/avatar\\\/0f6356d4a2af6504c44e5854632f50ed54bdda70f3c20095280518643c0525dc?s=96&d=mm&r=g\",\"url\":\"https:\\\/\\\/secure.gravatar.com\\\/avatar\\\/0f6356d4a2af6504c44e5854632f50ed54bdda70f3c20095280518643c0525dc?s=96&d=mm&r=g\",\"contentUrl\":\"https:\\\/\\\/secure.gravatar.com\\\/avatar\\\/0f6356d4a2af6504c44e5854632f50ed54bdda70f3c20095280518643c0525dc?s=96&d=mm&r=g\",\"caption\":\"Admin\"},\"sameAs\":[\"http:\\\/\\\/bbncnews.online\"],\"url\":\"http:\\\/\\\/bbncnews.online\\\/?author=1\"}]}<\/script>\n<!-- \/ Yoast SEO plugin. -->","yoast_head_json":{"title":"Heartbreaking: Father Charged with Killing 4-Month-Old Baby; Mother Dies by Suicide the Following Day. - My News Notice","robots":{"index":"index","follow":"follow","max-snippet":"max-snippet:-1","max-image-preview":"max-image-preview:large","max-video-preview":"max-video-preview:-1"},"canonical":"http:\/\/bbncnews.online\/?p=3694","og_locale":"en_US","og_type":"article","og_title":"Heartbreaking: Father Charged with Killing 4-Month-Old Baby; Mother Dies by Suicide the Following Day. - My News Notice","og_description":"Heartbreaking: Father Charged with Killing 4-Month-Old Baby; Mother Dies by Suicide the Following Day\u00a0 In a deeply tragic and incomprehensible turn of events, a 4-month-old baby girl in Huntsville, Alabama, &hellip;","og_url":"http:\/\/bbncnews.online\/?p=3694","og_site_name":"My News Notice","article_published_time":"2026-04-28T23:58:30+00:00","og_image":[{"url":"http:\/\/bbncnews.online\/wp-content\/uploads\/2026\/04\/685101144_122127917835086470_7965336458030574146_n.jpg","type":"","width":"","height":""},{"url":"http:\/\/bbncnews.online\/wp-content\/uploads\/2026\/04\/685101144_122127917835086470_7965336458030574146_n.jpg","width":1024,"height":1024,"type":"image\/jpeg"}],"author":"Admin","twitter_card":"summary_large_image","twitter_image":"http:\/\/bbncnews.online\/wp-content\/uploads\/2026\/04\/685101144_122127917835086470_7965336458030574146_n.jpg","twitter_misc":{"Written by":"Admin","Est. reading time":"6 minutes"},"schema":{"@context":"https:\/\/schema.org","@graph":[{"@type":"Article","@id":"http:\/\/bbncnews.online\/?p=3694#article","isPartOf":{"@id":"http:\/\/bbncnews.online\/?p=3694"},"author":{"name":"Admin","@id":"http:\/\/bbncnews.online\/#\/schema\/person\/cb934ff639b0b38d9bd54c86b526cadf"},"headline":"Heartbreaking: Father Charged with Killing 4-Month-Old Baby; Mother Dies by Suicide the Following Day.","datePublished":"2026-04-28T23:58:30+00:00","mainEntityOfPage":{"@id":"http:\/\/bbncnews.online\/?p=3694"},"wordCount":837,"commentCount":0,"image":{"@id":"http:\/\/bbncnews.online\/?p=3694#primaryimage"},"thumbnailUrl":"https:\/\/i2.wp.com\/bbncnews.online\/wp-content\/uploads\/2026\/04\/685101144_122127917835086470_7965336458030574146_n.jpg?ssl=1","articleSection":["News"],"inLanguage":"en-US","potentialAction":[{"@type":"CommentAction","name":"Comment","target":["http:\/\/bbncnews.online\/?p=3694#respond"]}]},{"@type":"WebPage","@id":"http:\/\/bbncnews.online\/?p=3694","url":"http:\/\/bbncnews.online\/?p=3694","name":"Heartbreaking: Father Charged with Killing 4-Month-Old Baby; Mother Dies by Suicide the Following Day. - My News Notice","isPartOf":{"@id":"http:\/\/bbncnews.online\/#website"},"primaryImageOfPage":{"@id":"http:\/\/bbncnews.online\/?p=3694#primaryimage"},"image":{"@id":"http:\/\/bbncnews.online\/?p=3694#primaryimage"},"thumbnailUrl":"https:\/\/i2.wp.com\/bbncnews.online\/wp-content\/uploads\/2026\/04\/685101144_122127917835086470_7965336458030574146_n.jpg?ssl=1","datePublished":"2026-04-28T23:58:30+00:00","author":{"@id":"http:\/\/bbncnews.online\/#\/schema\/person\/cb934ff639b0b38d9bd54c86b526cadf"},"breadcrumb":{"@id":"http:\/\/bbncnews.online\/?p=3694#breadcrumb"},"inLanguage":"en-US","potentialAction":[{"@type":"ReadAction","target":["http:\/\/bbncnews.online\/?p=3694"]}]},{"@type":"ImageObject","inLanguage":"en-US","@id":"http:\/\/bbncnews.online\/?p=3694#primaryimage","url":"https:\/\/i2.wp.com\/bbncnews.online\/wp-content\/uploads\/2026\/04\/685101144_122127917835086470_7965336458030574146_n.jpg?ssl=1","contentUrl":"https:\/\/i2.wp.com\/bbncnews.online\/wp-content\/uploads\/2026\/04\/685101144_122127917835086470_7965336458030574146_n.jpg?ssl=1"},{"@type":"BreadcrumbList","@id":"http:\/\/bbncnews.online\/?p=3694#breadcrumb","itemListElement":[{"@type":"ListItem","position":1,"name":"Home","item":"http:\/\/bbncnews.online\/"},{"@type":"ListItem","position":2,"name":"Heartbreaking: Father Charged with Killing 4-Month-Old Baby; Mother Dies by Suicide the Following Day."}]},{"@type":"WebSite","@id":"http:\/\/bbncnews.online\/#website","url":"http:\/\/bbncnews.online\/","name":"My News Notice","description":"","potentialAction":[{"@type":"SearchAction","target":{"@type":"EntryPoint","urlTemplate":"http:\/\/bbncnews.online\/?s={search_term_string}"},"query-input":{"@type":"PropertyValueSpecification","valueRequired":true,"valueName":"search_term_string"}}],"inLanguage":"en-US"},{"@type":"Person","@id":"http:\/\/bbncnews.online\/#\/schema\/person\/cb934ff639b0b38d9bd54c86b526cadf","name":"Admin","image":{"@type":"ImageObject","inLanguage":"en-US","@id":"https:\/\/secure.gravatar.com\/avatar\/0f6356d4a2af6504c44e5854632f50ed54bdda70f3c20095280518643c0525dc?s=96&d=mm&r=g","url":"https:\/\/secure.gravatar.com\/avatar\/0f6356d4a2af6504c44e5854632f50ed54bdda70f3c20095280518643c0525dc?s=96&d=mm&r=g","contentUrl":"https:\/\/secure.gravatar.com\/avatar\/0f6356d4a2af6504c44e5854632f50ed54bdda70f3c20095280518643c0525dc?s=96&d=mm&r=g","caption":"Admin"},"sameAs":["http:\/\/bbncnews.online"],"url":"http:\/\/bbncnews.online\/?author=1"}]}},"_links":{"self":[{"href":"http:\/\/bbncnews.online\/index.php?rest_route=\/wp\/v2\/posts\/3694","targetHints":{"allow":["GET"]}}],"collection":[{"href":"http:\/\/bbncnews.online\/index.php?rest_route=\/wp\/v2\/posts"}],"about":[{"href":"http:\/\/bbncnews.online\/index.php?rest_route=\/wp\/v2\/types\/post"}],"author":[{"embeddable":true,"href":"http:\/\/bbncnews.online\/index.php?rest_route=\/wp\/v2\/users\/1"}],"replies":[{"embeddable":true,"href":"http:\/\/bbncnews.online\/index.php?rest_route=%2Fwp%2Fv2%2Fcomments&post=3694"}],"version-history":[{"count":1,"href":"http:\/\/bbncnews.online\/index.php?rest_route=\/wp\/v2\/posts\/3694\/revisions"}],"predecessor-version":[{"id":3698,"href":"http:\/\/bbncnews.online\/index.php?rest_route=\/wp\/v2\/posts\/3694\/revisions\/3698"}],"wp:featuredmedia":[{"embeddable":true,"href":"http:\/\/bbncnews.online\/index.php?rest_route=\/wp\/v2\/media\/3697"}],"wp:attachment":[{"href":"http:\/\/bbncnews.online\/index.php?rest_route=%2Fwp%2Fv2%2Fmedia&parent=3694"}],"wp:term":[{"taxonomy":"category","embeddable":true,"href":"http:\/\/bbncnews.online\/index.php?rest_route=%2Fwp%2Fv2%2Fcategories&post=3694"},{"taxonomy":"post_tag","embeddable":true,"href":"http:\/\/bbncnews.online\/index.php?rest_route=%2Fwp%2Fv2%2Ftags&post=3694"}],"curies":[{"name":"wp","href":"https:\/\/api.w.org\/{rel}","templated":true}]}}